{"id":8514,"date":"2019-02-13T16:17:00","date_gmt":"2019-02-13T16:17:00","guid":{"rendered":"https:\/\/cadus.madways.de\/unkategorisiert\/auge-um-auge-zahn-um-zahn\/"},"modified":"2019-02-13T16:17:00","modified_gmt":"2019-02-13T16:17:00","slug":"auge-um-auge-zahn-um-zahn","status":"publish","type":"post","link":"https:\/\/www.cadus.org\/en\/artikel\/auge-um-auge-zahn-um-zahn\/","title":{"rendered":"Auge um Auge, Zahn um Zahn"},"content":{"rendered":"<div class=\"ce_text block\">\n<p><strong>Nein, hier geht es nicht um eine biblische Auseinandersetzung. Vielmehr brauchen Gefl\u00fcchtete in Bosnien Unterst\u00fctzung bei Augen- und Zahnbehandlungen. Unser Head of Mission Adrian berichtet.<\/strong><\/p>\n<p>Liebe Unterst\u00fctzer*innen <\/p>\n<p>Stellt euch vor, ihr seid seit drei Jahren auf der Flucht. Ihr seid in einem fremden Land, sprecht die Sprache nicht, habt nur das bei euch, was ihr an eurem K\u00f6rper tragt und nun kriegt ihr Zahnschmerzen. <\/p>\n<p>Stellt euch vor ihr lauft durch eine fremde Gegend oder versucht in einer fremden Stadt mit fremden Schriftzeichen einen Ort zu finden. Leider sind aber eure Augen schlecht und bei der letzten Kontrolle haben Polizisten oder Grenzbeamte eure Brille zerst\u00f6rt. <\/p>\n<p>Viele unserer Patienten sind durch langj\u00e4hrige Flucht gepr\u00e4gt \u2013 sowohl psychisch als auch physisch. Unser Team in Sarajevo arbeitet unerm\u00fcdlich daran die medizinische Grundversorgung der Menschen auf der Flucht auf diesem Abschnitt ihrer Reise sicher zu stellen. Ein Bereich, der leider oft vergessen wird, sind die Z\u00e4hne. Oft kommen Menschen zu uns und klagen \u00fcber Zahnschmerzen. Wenn wir sie uns dann genauer anschauen ist meistens schnell klar, weshalb es da schmerzt. In etlichen F\u00e4llen ist eine schnelle Behandlung notwendig um eine lebensgef\u00e4hrliche Entz\u00fcndung zu verhindern. Gl\u00fccklicherweise haben wir einen guten bosnischen Zahnarzt kennengelernt, welcher Arabisch spricht, sich unserer Patienten annimmt und eng mit uns zusammenarbeitet. Eine einfache Behandlung kostet uns dabei etwa 15 Euro pro Zahn.<\/p>\n<p><img decoding=\"async\" src=\"\/wp-content\/uploads\/2023\/12\/auge-um-auge-zahn-um-zahn-2019_01_27_Cadus_Bosnia_Oliver_Wolff_01.jpg\" alt=\"\"\/><br \/><em>Zahnprobleme sind bei den Gefl\u00fcchteten in Sarajevo ein gro\u00dfes Problem. \u00a9Oliver Wolff<\/em><\/p>\n<p>Wenn jemanden ohne Brille zu uns kommt, k\u00f6nnen wir diese Personen zu einem lokalen Optiker schicken, welcher gratis Sehtests durchf\u00fchrt und kosteng\u00fcnstige Brillen anbietet. Sehtest, korrigierte Gl\u00e4ser und Brille kriegen wir f\u00fcr umgerechnet 50 Euro. <\/p>\n<p><img decoding=\"async\" src=\"\/wp-content\/uploads\/2023\/12\/auge-um-auge-zahn-um-zahn-2019_01_30_Cadus_Bosnia_Oliver_Wolff_03.jpg\" alt=\"\"\/><em>Ein von uns \u00fcberwiesener Patient wird bei der Optiker*in behandelt. \u00a9Oliver Wolff<\/em><\/p>\n<p>Unser Team in Sarajevo arbeitet unerm\u00fcdlich daran die medizinische Grundversorgung der Menschen auf der Flucht auf diesem Abschnitt ihrer Reise sicher zu stellen. Doch leider sind uns in F\u00e4llen wie oben beschrieben, die H\u00e4nde gebunden und wir sind darauf angewiesen unsere Patient*innen an eine*n Zahnarzt*in oder Optiker*in \u00fcberweisen zu k\u00f6nnen. Dies kostet nat\u00fcrlich Geld und wir sind auf eure Hilfe angewiesen.<\/p>\n<p>Vielen Dank f\u00fcr Eure Unterst\u00fctzung und liebe Gr\u00fcsse aus Sarajevo!<\/p>\n<\/div>\n<div class=\"button-box ce_rsce_button   -centered\">\n<a class=\"button ce_rsce_button   -centered\" data-icon=\"\uf069\" href=\"https:\/\/www.betterplace.org\/de\/projects\/61851\/donations\/new#direct_deposit\" target=\"_blank\" rel=\"noopener\"><br \/>\nBitte hilf uns mit deiner Spende, die Behandlungskosten zu tragen!\t<\/a>\n<\/div>\n<p class=\"info\">Ver\u00f6ffentlicht: <time datetime=\"2019-02-13T15:34:00+01:00\">13.02.2019<\/time><br \/>Verfasser*in: von Jonas Gr\u00fcnwald <\/p>\n","protected":false},"excerpt":{"rendered":"<p>Nein, hier geht es nicht um eine biblische Auseinandersetzung. Vielmehr brauchen Gefl\u00fcchtete in Bosnien Unterst\u00fctzung bei Augen- und Zahnbehandlungen. Unser Head of Mission Adrian berichtet.<\/p>\n","protected":false},"author":7,"featured_media":8508,"comment_status":"","ping_status":"","sticky":false,"template":"","format":"standard","meta":{"inline_featured_image":false,"footnotes":""},"categories":[80,82],"tags":[],"class_list":["post-8514","post","type-post","status-publish","format-standard","has-post-thumbnail","hentry","category-artikel","category-blog"],"aioseo_notices":[],"_links":{"self":[{"href":"https:\/\/www.cadus.org\/en\/wp-json\/wp\/v2\/posts\/8514","targetHints":{"allow":["GET"]}}],"collection":[{"href":"https:\/\/www.cadus.org\/en\/wp-json\/wp\/v2\/posts"}],"about":[{"href":"https:\/\/www.cadus.org\/en\/wp-json\/wp\/v2\/types\/post"}],"author":[{"embeddable":true,"href":"https:\/\/www.cadus.org\/en\/wp-json\/wp\/v2\/users\/7"}],"replies":[{"embeddable":true,"href":"https:\/\/www.cadus.org\/en\/wp-json\/wp\/v2\/comments?post=8514"}],"version-history":[{"count":0,"href":"https:\/\/www.cadus.org\/en\/wp-json\/wp\/v2\/posts\/8514\/revisions"}],"wp:featuredmedia":[{"embeddable":true,"href":"https:\/\/www.cadus.org\/en\/wp-json\/wp\/v2\/media\/8508"}],"wp:attachment":[{"href":"https:\/\/www.cadus.org\/en\/wp-json\/wp\/v2\/media?parent=8514"}],"wp:term":[{"taxonomy":"category","embeddable":true,"href":"https:\/\/www.cadus.org\/en\/wp-json\/wp\/v2\/categories?post=8514"},{"taxonomy":"post_tag","embeddable":true,"href":"https:\/\/www.cadus.org\/en\/wp-json\/wp\/v2\/tags?post=8514"}],"curies":[{"name":"wp","href":"https:\/\/api.w.org\/{rel}","templated":true}]}}