{"id":9170,"date":"2017-06-22T20:57:00","date_gmt":"2017-06-22T20:57:00","guid":{"rendered":"https:\/\/cadus.madways.de\/unkategorisiert\/das-haben-wir-2017-vor\/"},"modified":"2017-06-22T20:57:00","modified_gmt":"2017-06-22T20:57:00","slug":"das-haben-wir-2017-vor","status":"publish","type":"post","link":"https:\/\/www.cadus.org\/en\/artikel\/das-haben-wir-2017-vor\/","title":{"rendered":"Das haben wir 2017 vor"},"content":{"rendered":"<div class=\"ce_text block\">\n<p>Liebe Freund*innen und Unterst\u00fctzer*innen,<\/p>\n<p>2016 war ein turbulentes Jahr. Im Sommer und Herbst waren wir mit mehreren Booten in der \u00c4g\u00e4is und auf dem Mittelmeer unterwegs und haben tausende Menschen aus Seenot gerettet. Nach vielen Stunden Schwei\u00dfarbeit steht zum Jahresende endlich das mobile Krankenhaus f\u00fcr Syrien in den Startl\u00f6chern. Au\u00dferdem konnten wir die medizinische Ausbildung in Nordsyrien gr\u00f6\u00dftenteils auf e-learning umstellen.<\/p>\n<p>Mit einem gro\u00dfen Netzwerk an tatkr\u00e4ftigen Unterst\u00fctzer*innen und der Devise \u201eDo it yourself\u201c sind wir 2016 weit gekommen. Ein gro\u00dfer Dank an alle!<\/p>\n<p>Was konkret in unseren Projekten dieses Jahr passiert ist und wie es 2017 weitergeht? Hier blicken wir f\u00fcr euch zur\u00fcck und nach vorne.<\/p>\n<p>\u00a0<\/p>\n<p><strong>Seenotrettung \u2013 CADUS Search and Rescue geht weiter<\/strong><\/p>\n<p style=\"margin-bottom: 0cm;\"><span style=\"font-family: georgia,times,times new roman,serif;\"><img decoding=\"async\" style=\"margin: 0px;\" src=\"\/wp-content\/uploads\/2023\/12\/das-haben-wir-2017-vor-dummy.png\" alt=\"\" width=\"740\" height=\"313\" align=\"none\" data-cke-saved-src=\"https:\/\/gallery.mailchimp.com\/eeb274136053da63e4b2318aa\/_compresseds\/6c1abce7-5a9b-4839-a3ee-d995abadcc37.jpg\"\/><\/p>\n<p><\/span>Anfang des Jahres hatte sich wenig an der dramatischen Situation auf dem Mittelmeer ge\u00e4ndert, von einer sicheren Passage konnte kaum die Rede sein. Daher haben wir uns 2016 auf die Seenotrettung konzentriert. Von M\u00e4rz bis Oktober waren wir mit drei Booten im Mittelmeer im Einsatz: Zusammen mit dem Seenotrettungskreuzer \u201eMinden\u201c waren unsere Teams an der lybischen K\u00fcste unterwegs. Dort konnten wir mit unserem Schnellboot, dem RHIB Isabell, den Einsatz verst\u00e4rken. Vor Lesbos waren mehrere CADUS-Teams zusammen mit den Teams von SeaWatch mit der H.E. Thomsen unterwegs. Und unser Schnellboot Rezai haben wir der baskischen Seenotrettungsorganisation SMH f\u00fcr ihre Eins\u00e4tze vor Chios zur Verf\u00fcgung gestellt.<\/p>\n<p>Ohne eure Unterst\u00fctzung w\u00e4re das alles nicht m\u00f6glich gewesen! Dank eurer Spenden konnten wir 2016 drei Boote erwerben, die Reise- und Verpflegungskosten der ehrenamtlichen Teams finanzieren und so tausenden Menschen dabei helfen, ihre Flucht nicht mit dem Leben zu bezahlen.<\/p>\n<p>F\u00fcr die Crew von CADUS war es eine emotional anstrengende, aber auch sehr sch\u00f6ne Erfahrung, in der Seenotrettung aktiv zu sein &#8211; nicht zuletzt durch die intensive Zusammenarbeit mit NGOs wie SeaWatch, LifeBoat und SMH. <\/p>\n<p>Wie der Tag eines Seenotretters aussieht? Erik Gaitzsch war dieses Jahr mit uns vor Lybien unterwegs und hat einen Bericht dazu ver\u00f6ffentlicht: <span lang=\"zxx\"><a href=\"http:\/\/www.tagesspiegel.de\/weltspiegel\/sonntag\/erlebnisse-eines-seenotretters-an-der-grenze-der-zivilisation\/14795250.html\" target=\"_blank\" data-cke-saved-href=\"http:\/\/www.tagesspiegel.de\/weltspiegel\/sonntag\/erlebnisse-eines-seenotretters-an-der-grenze-der-zivilisation\/14795250.html\" rel=\"noopener\"><span lang=\"de-DE\">Erlebnisse eines Seenotretters &#8211; An der Grenze der Zivilisation<\/span><\/a><\/span><\/p>\n<p>Auch 2017 wird ein hartes Jahr in der Seenotrettung werden. Der Fluchtdruck l\u00e4sst nicht nach, gleichzeitig versucht die EU die Grenzen weiter dicht zu machen. Es ist zu bef\u00fcrchten, dass die fliehenden Menschen immer gef\u00e4hrlichere Routen in Kauf nehmen werden. N\u00e4chstes Jahr konzentrieren wir uns daher auf neue Ans\u00e4tze der Luftraum\u00fcberwachung. Schiffe in Seenot k\u00f6nnen so schneller ausfindig gemacht und die Zusammenarbeit verschiedener Organisationen effektiver gestaltet werden. Das neue Projekt ist in Planung \u2013 bleibt gespannt, wir halten euch auf dem Laufenden!<\/p>\n<p>\u00a0<\/p>\n<p><strong>Mobile Hospital \u2013 Medizinische Versorgung f\u00fcr Nordsyrien\/ Nordirak in den Startl\u00f6chern<\/strong><\/p>\n<p style=\"margin-bottom: 0cm;\"><span style=\"font-family: georgia,times,times new roman,serif;\"><img decoding=\"async\" style=\"width: 740px; height: 493px; margin: 0px;\" src=\"\/wp-content\/uploads\/2023\/12\/das-haben-wir-2017-vor-dummy.png\" alt=\"\" width=\"740\" height=\"493\" align=\"none\" data-cke-saved-src=\"https:\/\/gallery.mailchimp.com\/eeb274136053da63e4b2318aa\/images\/adcc0451-69bd-4c9e-b6a4-dc6ada5a0f4a.jpg\"\/><\/p>\n<p><\/span>Seit \u00fcber einem Jahr planen wir ein mobiles Krankenhaus, das medizinische Notversorgung in Gegenden in Nordsyrien und dem Nordirak bringen soll. Nach vielen Jahren B\u00fcrgerkrieg gibt es dort fast keine medizinische Infrastruktur mehr.<\/p>\n<p>Eine der gr\u00f6\u00dften H\u00fcrden war es, die Finanzierung im Vorfeld zu sichern. Doch das war nicht so einfach. Ein Grund ist sicherlich, dass vielen die kurdischen Gebiete wegen der schwierigen politischen Lage suspekt sind. Doch auch dort leben Menschen, die ein Recht auf medizinische Versorgung haben.<\/p>\n<p>Also haben wir im Sp\u00e4tsommer gesagt: \u201eWir machen das jetzt. Wir bringen ein mobiles Krankenhaus nach Nordsyrien, auch wenn wir es komplett selbst bauen m\u00fcssen.\u201c Jetzt, zum Ende des Jahres, sind zwei Allradtrucks plus Anh\u00e4nger fast startklar. Eine Menge Material wartet darauf, verpackt zu werden. Und dank der Zelte, die von More Than Shelters gespendet wurden, haben wir jetzt ein komplettes Krankenhaus am Start, das wir vor Ort innerhalb weniger Stunden aufbauen k\u00f6nnen.<\/p>\n<p>Das alles wurde mit sehr begrenzten finanziellen Mitteln und einem daf\u00fcr umso intensiveren Einsatz toller Menschen auf die Beine gestellt. Vielen Dank an alle! Es ist absehbar, dass wir Ende Januar\/Anfang Februar endlich mit dem Mobile Hospital starten k\u00f6nnen.<\/p>\n<p>Das hei\u00dft: Endspurt! Endspurt der Bauarbeiten. Endspurt der Sachspendenorganisation. Und auch Endspurt der Spendenwerbung. Was jedoch noch fehlt ist ein Krankenwagen, der wie das Krankenhaus einen Allrad-Antrieb haben sollte. Was wir daf\u00fcr brauchen sind 15.000 Euro.<\/p>\n<p>Helft uns, unseren Spendenaufruf zu verbreiten. Leitet diese Mail weiter und teilt unser <span lang=\"zxx\"><a href=\"https:\/\/www.betterplace.org\/de\/projects\/44034-mobiles-krankenhaus-fur-syrien-rojava-nordirak-shengal\" target=\"_blank\" data-cke-saved-href=\"https:\/\/www.betterplace.org\/de\/projects\/44034-mobiles-krankenhaus-fur-syrien-rojava-nordirak-shengal\" rel=\"noopener\"><span lang=\"de-DE\">Spendenprojekt<\/span><\/a><\/span>! Zusammen bekommen wir hin, was staatliche und nicht-staatliche Organisationen seit Jahren in Nordsyrien vernachl\u00e4ssigen, n\u00e4mlich tats\u00e4chliche Hilfe zu leisten in Gebieten, in denen der Fluchtdruck entsteht. <br \/>Spenden und Infos hier: <span lang=\"zxx\"><a href=\"http:\/\/www.mobile-hospital.org\/\" target=\"_blank\" data-cke-saved-href=\"http:\/\/www.mobile-hospital.org\/\" rel=\"noopener\">http:\/\/www.mobile-hospital.org<\/a><\/span><\/p>\n<p>Und wie es 2017 weitergeht? Wir sind schon dabei, das Konzept f\u00fcr das Mobile Hospital 2.0 auszuarbeiten&#8230;<\/p>\n<p>\u00a0<\/p>\n<p><strong>Paramedic-Ausbildung \u2013 Medizinisches Personal f\u00fcr Syrien<\/strong><\/p>\n<p style=\"margin-bottom: 0cm;\"><span style=\"font-family: georgia,times,times new roman,serif;\"><img decoding=\"async\" style=\"width: 740px; height: 493px; margin: 0px;\" src=\"\/wp-content\/uploads\/2023\/12\/das-haben-wir-2017-vor-dummy.png\" alt=\"\" width=\"740\" height=\"493\" align=\"none\" data-cke-saved-src=\"https:\/\/gallery.mailchimp.com\/eeb274136053da63e4b2318aa\/images\/db6812c0-8889-49e8-ace6-6eb0a478af60.jpg\"\/><\/p>\n<p><\/span><span style=\"font-size: small;\">Seit Ende 2015 ist es extrem schwierig geworden, Leute \u00fcber die Grenze nach Syrien zu bringen, so dass wir die medizinische Ausbildung vor Ort nicht fortsetzen konnten. Leider fehlt es im Nordirak und in Syrien aber nach wie vor an medizinischem Fachpersonal. Dabei ist die Idee der ersten kurdisch-arabischen e-Learning-Plattform entstanden. Der gro\u00dfe Vorteil: \u00dcber Lehrvideos und Mitschnitte von Lehrveranstaltungen kann ein Lehrbetrieb unabh\u00e4ngig von politischen Ver\u00e4nderungen aufrechterhalten werden.<\/p>\n<p>Die letzten Monate haben wir genutzt, um eine entsprechende Plattform zu erwerben und ein Netzwerk aus \u00c4rzt*innen aufzubauen, die das Projekt fachlich begleiten. N\u00e4chstes Jahr soll es mit dem Ausbildungsprogramm richtig losgehen.<\/p>\n<p>Wir sind begeistert, wie viel wir gemeinsam mit euch 2016 in Bewegung gebracht haben! Und wir hoffen, dass wir auch 2017 da sein k\u00f6nnen, wo aktive Hilfe dringend ben\u00f6tigt wird. Mit eurer Unterst\u00fctzung schaffen wir das! <\/span><\/p>\n<p style=\"margin-bottom: 0cm;\">\u00a0<\/p>\n<p style=\"margin-bottom: 0cm;\"><span lang=\"zxx\"><a href=\"https:\/\/www.betterplace.org\/de\/organisations\/20399-cadus-redefine-global-solidarity-e-v\" target=\"_blank\" data-cke-saved-href=\"https:\/\/www.betterplace.org\/de\/organisations\/20399-cadus-redefine-global-solidarity-e-v\" rel=\"noopener\"><span lang=\"de-DE\">Spendet jetzt<\/span><\/a><\/span>, schenkt uns ein Like auf <span lang=\"zxx\"><a href=\"https:\/\/www.facebook.com\/cadus.org\/\" target=\"_blank\" data-cke-saved-href=\"https:\/\/www.facebook.com\/cadus.org\/\" rel=\"noopener\"><span lang=\"de-DE\">Facebook<\/span><\/a><\/span> oder nehmt mit uns <span lang=\"zxx\"><a href=\"de\/kontakt\" target=\"_blank\" data-cke-saved-href=\"http:\/\/www.cadus.org\/de\/kontakt\" rel=\"noopener\"><span lang=\"de-DE\">Kontakt<\/span><\/a><\/span> auf.<\/p>\n<p><span lang=\"zxx\"><a href=\"https:\/\/www.betterplace.org\/de\/organisations\/20399-cadus-redefine-global-solidarity-e-v\" target=\"_blank\" data-cke-saved-href=\"https:\/\/www.betterplace.org\/de\/organisations\/20399-cadus-redefine-global-solidarity-e-v\" rel=\"noopener\"><span lang=\"de-DE\">CADUS supports, support CADUS!<\/span><\/a><\/span><\/p>\n<p>Kommt gut ins neue Jahr,<br \/>euer CADUS-Team<\/p>\n<p style=\"margin-bottom: 0cm;\">\u00a0<\/p>\n<\/div>\n<p class=\"info\">Ver\u00f6ffentlicht: <time datetime=\"2017-01-12T21:04:00+01:00\">12.01.2017<\/time><br \/>Verfasser*in: von Jonas Gr\u00fcnwald <\/p>\n","protected":false},"excerpt":{"rendered":"<p>Liebe Freund*innen und Unterst\u00fctzer*innen, 2016 war ein turbulentes Jahr. Im Sommer und Herbst waren wir mit mehreren Booten in der \u00c4g\u00e4is und auf dem Mittelmeer unterwegs und haben tausende Menschen aus Seenot gerettet. Nach vielen Stunden Schwei\u00dfarbeit steht zum Jahresende endlich das mobile Krankenhaus f\u00fcr Syrien in \u2026<\/p>\n","protected":false},"author":7,"featured_media":9166,"comment_status":"","ping_status":"","sticky":false,"template":"","format":"standard","meta":{"inline_featured_image":false,"footnotes":""},"categories":[80,82],"tags":[],"class_list":["post-9170","post","type-post","status-publish","format-standard","has-post-thumbnail","hentry","category-artikel","category-blog"],"aioseo_notices":[],"_links":{"self":[{"href":"https:\/\/www.cadus.org\/en\/wp-json\/wp\/v2\/posts\/9170","targetHints":{"allow":["GET"]}}],"collection":[{"href":"https:\/\/www.cadus.org\/en\/wp-json\/wp\/v2\/posts"}],"about":[{"href":"https:\/\/www.cadus.org\/en\/wp-json\/wp\/v2\/types\/post"}],"author":[{"embeddable":true,"href":"https:\/\/www.cadus.org\/en\/wp-json\/wp\/v2\/users\/7"}],"replies":[{"embeddable":true,"href":"https:\/\/www.cadus.org\/en\/wp-json\/wp\/v2\/comments?post=9170"}],"version-history":[{"count":0,"href":"https:\/\/www.cadus.org\/en\/wp-json\/wp\/v2\/posts\/9170\/revisions"}],"wp:featuredmedia":[{"embeddable":true,"href":"https:\/\/www.cadus.org\/en\/wp-json\/wp\/v2\/media\/9166"}],"wp:attachment":[{"href":"https:\/\/www.cadus.org\/en\/wp-json\/wp\/v2\/media?parent=9170"}],"wp:term":[{"taxonomy":"category","embeddable":true,"href":"https:\/\/www.cadus.org\/en\/wp-json\/wp\/v2\/categories?post=9170"},{"taxonomy":"post_tag","embeddable":true,"href":"https:\/\/www.cadus.org\/en\/wp-json\/wp\/v2\/tags?post=9170"}],"curies":[{"name":"wp","href":"https:\/\/api.w.org\/{rel}","templated":true}]}}